{"id":94,"date":"2013-06-16T07:42:47","date_gmt":"2013-06-16T07:42:47","guid":{"rendered":"http:\/\/www.taekwondo-elm.de\/?p=94"},"modified":"2017-06-27T08:19:29","modified_gmt":"2017-06-27T06:19:29","slug":"saarlandmeisterschaft-2013","status":"publish","type":"post","link":"https:\/\/www.korutaekwondo.de\/?p=94","title":{"rendered":"Saarlandmeisterschaft 2013"},"content":{"rendered":"<p>Am 25. Mai war es soweit. 8 unserer Sch\u00fctzlinge stellten sich der Herausforderung des TKD-Vollkontakt. Mit 3 Siegen in 10 K\u00e4mpfen war die Mannschaft der Coachs Bernard und Cynthia leider nicht sehr erfolgreich. Doch wenn man bedenkt, dass die Meisten zum ersten Mal auf der Kampffl\u00e4che standen, haben sich alle tapfer geschlagen und alles gegeben. Daher sind wir sehr stolz auf unsere Nachwuchsk\u00e4mpfer und hoffen, dass sie alle dieses Jahr noch den einen oder anderen Wettkampf bestreiten werden. Besonders bedauernswert ist, dass Jasmin, die auch zum ersten Mal dabei war, ihren zweiten Kampf wegen einer Verletzung am Fu\u00dfgelenk aufgeben musste. Wir w\u00fcnschen ihr gute Besserung und allen anderen viel Erfolg im Training und bei weiteren Wettk\u00e4mpfen. Zu erw\u00e4hnen bleibt noch, dass unserem Vereinskameraden, Trainer und Landeskadertrainer Bernard, im Rahmen der Siegerehrung, der 3. Dan als Ehrendan verliehen wurde. Dies geschah zur Anerkennung seiner Leistung und vor allem seines Einsatzes in unserem Verein und dem saarl\u00e4ndischen Verband.Dazu gratulieren wir alle und hoffen auf weitere erfolgreiche Jahre.<br \/>\nEuer TKD-Elm<\/p>\n<div id='gallery-1' class='gallery galleryid-94 gallery-columns-3 gallery-size-thumbnail'><figure class='gallery-item'>\n\t\t\t<div class='gallery-icon landscape'>\n\t\t\t\t<a href='https:\/\/www.korutaekwondo.de\/wp-content\/uploads\/2015\/01\/Saarlandmeisterschaft-2013.jpg'><img width=\"150\" height=\"150\" src=\"https:\/\/www.korutaekwondo.de\/wp-content\/uploads\/2015\/01\/Saarlandmeisterschaft-2013-150x150.jpg\" class=\"attachment-thumbnail size-thumbnail\" alt=\"\" loading=\"lazy\" srcset=\"https:\/\/www.korutaekwondo.de\/wp-content\/uploads\/2015\/01\/Saarlandmeisterschaft-2013-150x150.jpg 150w, https:\/\/www.korutaekwondo.de\/wp-content\/uploads\/2015\/01\/Saarlandmeisterschaft-2013-53x53.jpg 53w\" sizes=\"100vw\" \/><\/a>\n\t\t\t<\/div><\/figure>\n\t\t<\/div>\n\n","protected":false},"excerpt":{"rendered":"<p>Am 25. Mai war es soweit. 8 unserer Sch\u00fctzlinge stellten sich der Herausforderung des TKD-Vollkontakt. Mit 3 Siegen in 10 K\u00e4mpfen war die Mannschaft der Coachs Bernard und Cynthia leider nicht sehr erfolgreich. Doch wenn man bedenkt, dass die Meisten zum ersten Mal auf der Kampffl\u00e4che standen, haben sich alle tapfer geschlagen und alles gegeben. &hellip; <\/p>\n<p class=\"link-more\"><a href=\"https:\/\/www.korutaekwondo.de\/?p=94\" class=\"more-link\"><span class=\"screen-reader-text\">\u201eSaarlandmeisterschaft 2013\u201c<\/span> weiterlesen<\/a><\/p>\n","protected":false},"author":2,"featured_media":352,"comment_status":"closed","ping_status":"open","sticky":false,"template":"","format":"standard","meta":[],"categories":[1,3],"tags":[],"_links":{"self":[{"href":"https:\/\/www.korutaekwondo.de\/index.php?rest_route=\/wp\/v2\/posts\/94"}],"collection":[{"href":"https:\/\/www.korutaekwondo.de\/index.php?rest_route=\/wp\/v2\/posts"}],"about":[{"href":"https:\/\/www.korutaekwondo.de\/index.php?rest_route=\/wp\/v2\/types\/post"}],"author":[{"embeddable":true,"href":"https:\/\/www.korutaekwondo.de\/index.php?rest_route=\/wp\/v2\/users\/2"}],"replies":[{"embeddable":true,"href":"https:\/\/www.korutaekwondo.de\/index.php?rest_route=%2Fwp%2Fv2%2Fcomments&post=94"}],"version-history":[{"count":2,"href":"https:\/\/www.korutaekwondo.de\/index.php?rest_route=\/wp\/v2\/posts\/94\/revisions"}],"predecessor-version":[{"id":768,"href":"https:\/\/www.korutaekwondo.de\/index.php?rest_route=\/wp\/v2\/posts\/94\/revisions\/768"}],"wp:featuredmedia":[{"embeddable":true,"href":"https:\/\/www.korutaekwondo.de\/index.php?rest_route=\/wp\/v2\/media\/352"}],"wp:attachment":[{"href":"https:\/\/www.korutaekwondo.de\/index.php?rest_route=%2Fwp%2Fv2%2Fmedia&parent=94"}],"wp:term":[{"taxonomy":"category","embeddable":true,"href":"https:\/\/www.korutaekwondo.de\/index.php?rest_route=%2Fwp%2Fv2%2Fcategories&post=94"},{"taxonomy":"post_tag","embeddable":true,"href":"https:\/\/www.korutaekwondo.de\/index.php?rest_route=%2Fwp%2Fv2%2Ftags&post=94"}],"curies":[{"name":"wp","href":"https:\/\/api.w.org\/{rel}","templated":true}]}}