{"id":709,"date":"2017-03-01T10:15:09","date_gmt":"2017-03-01T08:15:09","guid":{"rendered":"http:\/\/www.taekwondo-elm.de\/?p=709"},"modified":"2017-03-02T09:04:46","modified_gmt":"2017-03-02T07:04:46","slug":"erste-kup-pruefung-2017","status":"publish","type":"post","link":"https:\/\/www.korutaekwondo.de\/?p=709","title":{"rendered":"Erste Kup Pr\u00fcfung 2017"},"content":{"rendered":"<div>Vergangene Woche fand unsere erste Kup Pr\u00fcfung des Jahres 2017 statt. Zum ersten Mal wurde diese in der Sporthalle in Elm veranstaltet. Daf\u00fcr hatten wir nach mehreren Jahren auch wieder <a href=\"http:\/\/www.taekwondo-elm.de\/wp-content\/uploads\/2017\/03\/P1130883.jpg\"><img loading=\"lazy\" class=\"size-medium wp-image-707 alignright\" src=\"http:\/\/www.taekwondo-elm.de\/wp-content\/uploads\/2017\/03\/P1130883-300x225.jpg\" alt=\"P1130883\" width=\"300\" height=\"225\" srcset=\"https:\/\/www.korutaekwondo.de\/wp-content\/uploads\/2017\/03\/P1130883-300x225.jpg 300w, https:\/\/www.korutaekwondo.de\/wp-content\/uploads\/2017\/03\/P1130883-768x576.jpg 768w, https:\/\/www.korutaekwondo.de\/wp-content\/uploads\/2017\/03\/P1130883-600x450.jpg 600w, https:\/\/www.korutaekwondo.de\/wp-content\/uploads\/2017\/03\/P1130883.jpg 912w\" sizes=\"(max-width: 300px) 100vw, 300px\" \/><\/a>einen externen Pr\u00fcfer, Dr. Markus Klein zu Gast. Der 5. Dan und Landeskadertrainer Poomsae der T.U. Saar ist vor allem aufgrund seiner ruhigen Art bei den Pr\u00fcflingen beliebt.<\/div>\n<div><\/div>\n<div>Trotz trainingsfreier Zeit aufgrund von Karnevalsveranstaltungen, zeigten die Pr\u00fcflinge eine sehr gute Leistung, was vor allem die Trainer Markus Krein und Bernd Bauer freute. \u201eMan sieht eine klare Handschrift der Trainer, es war eine sehr gute Pr\u00fcfung, ich musste kaum eingreifen und musste mich um fast nichts k\u00fcmmern\u201c, lobte Dr. Markus Klein am Ende der Veranstaltung.<\/div>\n<div>Besonders erfreulich ist aus sportlicher Sicht, dass alle m\u00f6glichen Alters- und Leistungsklassen vertreten waren.<\/div>\n<div>Schon n\u00e4chste Woche steht der n\u00e4chste Termin an, wenn es wieder in den Westerwald zum 2-t\u00e4gigen Wettkampflehrgang geht.<\/div>\n<div><\/div>\n<div>An dieser Stelle m\u00f6chte ich allen Pr\u00fcflingen f\u00fcr ihre bestandene Pr\u00fcfung gratulieren.<\/div>\n<div>\n<figure id=\"attachment_708\" aria-describedby=\"caption-attachment-708\" style=\"width: 530px\" class=\"wp-caption alignnone\"><a href=\"http:\/\/www.taekwondo-elm.de\/wp-content\/uploads\/2017\/03\/P1130886.jpg\"><img loading=\"lazy\" class=\" wp-image-708\" src=\"http:\/\/www.taekwondo-elm.de\/wp-content\/uploads\/2017\/03\/P1130886-300x225.jpg\" alt=\"v.l. (Markus Krein, Trainer); Roni Omar Farouk, Nathalie Engel, Susanne Jacob, Anika Frank, (Dr. Markus Klein, Pr\u00fcfer ; Bernd Bauer, Trainer) S\u00f6ren Schrecklinger, Marcello Vinviguerra, Noah Kr\u00e4mer, Jasmin Zin\u00dfmeister, Yvonne Zin\u00dfmeister, Justin Dick, Damine Vinciguerra, Jason Gr\u00fcn Johanna Loew, Jordan Balzer, Lenya Sauer, Simon Jacob, Celine Dick\" width=\"530\" height=\"398\" srcset=\"https:\/\/www.korutaekwondo.de\/wp-content\/uploads\/2017\/03\/P1130886-300x225.jpg 300w, https:\/\/www.korutaekwondo.de\/wp-content\/uploads\/2017\/03\/P1130886-768x576.jpg 768w, https:\/\/www.korutaekwondo.de\/wp-content\/uploads\/2017\/03\/P1130886-600x450.jpg 600w, https:\/\/www.korutaekwondo.de\/wp-content\/uploads\/2017\/03\/P1130886.jpg 912w\" sizes=\"(max-width: 530px) 100vw, 530px\" \/><\/a><figcaption id=\"caption-attachment-708\" class=\"wp-caption-text\">v.l. (Markus Krein, Trainer); Roni Omar Farouk, Nathalie Engel, Susanne Jacob, Anika Frank, (Dr. Markus Klein, Pr\u00fcfer ; Bernd Bauer, Trainer)<br \/>S\u00f6ren Schrecklinger, Marcello Vinviguerra, Noah Kr\u00e4mer, Jasmin Zin\u00dfmeister, Yvonne Zin\u00dfmeister, Justin Dick, Damine Vinciguerra, Jason Gr\u00fcn<br \/>Johanna Loew, Jordan Balzer, Lenya Sauer, Simon Jacob, Celine Dick<\/figcaption><\/figure>\n<p><a href=\"http:\/\/www.taekwondo-elm.de\/wp-content\/uploads\/2017\/03\/P1130855.jpg\"><img loading=\"lazy\" class=\"alignnone size-medium wp-image-717\" src=\"http:\/\/www.taekwondo-elm.de\/wp-content\/uploads\/2017\/03\/P1130855-300x225.jpg\" alt=\"P1130855\" width=\"300\" height=\"225\" srcset=\"https:\/\/www.korutaekwondo.de\/wp-content\/uploads\/2017\/03\/P1130855-300x225.jpg 300w, https:\/\/www.korutaekwondo.de\/wp-content\/uploads\/2017\/03\/P1130855-768x576.jpg 768w, https:\/\/www.korutaekwondo.de\/wp-content\/uploads\/2017\/03\/P1130855-600x450.jpg 600w, https:\/\/www.korutaekwondo.de\/wp-content\/uploads\/2017\/03\/P1130855.jpg 912w\" sizes=\"(max-width: 300px) 100vw, 300px\" \/><\/a> <a href=\"http:\/\/www.taekwondo-elm.de\/wp-content\/uploads\/2017\/03\/P1130858.jpg\"><img loading=\"lazy\" class=\"alignnone size-medium wp-image-718\" src=\"http:\/\/www.taekwondo-elm.de\/wp-content\/uploads\/2017\/03\/P1130858-300x225.jpg\" alt=\"P1130858\" width=\"300\" height=\"225\" srcset=\"https:\/\/www.korutaekwondo.de\/wp-content\/uploads\/2017\/03\/P1130858-300x225.jpg 300w, https:\/\/www.korutaekwondo.de\/wp-content\/uploads\/2017\/03\/P1130858-768x576.jpg 768w, https:\/\/www.korutaekwondo.de\/wp-content\/uploads\/2017\/03\/P1130858-600x450.jpg 600w, https:\/\/www.korutaekwondo.de\/wp-content\/uploads\/2017\/03\/P1130858.jpg 912w\" sizes=\"(max-width: 300px) 100vw, 300px\" \/><\/a> <a href=\"http:\/\/www.taekwondo-elm.de\/wp-content\/uploads\/2017\/03\/P1130860.jpg\"><img loading=\"lazy\" class=\"alignnone size-medium wp-image-719\" src=\"http:\/\/www.taekwondo-elm.de\/wp-content\/uploads\/2017\/03\/P1130860-300x225.jpg\" alt=\"P1130860\" width=\"300\" height=\"225\" srcset=\"https:\/\/www.korutaekwondo.de\/wp-content\/uploads\/2017\/03\/P1130860-300x225.jpg 300w, https:\/\/www.korutaekwondo.de\/wp-content\/uploads\/2017\/03\/P1130860-768x576.jpg 768w, https:\/\/www.korutaekwondo.de\/wp-content\/uploads\/2017\/03\/P1130860-600x450.jpg 600w, https:\/\/www.korutaekwondo.de\/wp-content\/uploads\/2017\/03\/P1130860.jpg 912w\" sizes=\"(max-width: 300px) 100vw, 300px\" \/><\/a> <a href=\"http:\/\/www.taekwondo-elm.de\/wp-content\/uploads\/2017\/03\/P1130880.jpg\"><img loading=\"lazy\" class=\"alignnone size-medium wp-image-720\" src=\"http:\/\/www.taekwondo-elm.de\/wp-content\/uploads\/2017\/03\/P1130880-300x225.jpg\" alt=\"P1130880\" width=\"300\" height=\"225\" srcset=\"https:\/\/www.korutaekwondo.de\/wp-content\/uploads\/2017\/03\/P1130880-300x225.jpg 300w, https:\/\/www.korutaekwondo.de\/wp-content\/uploads\/2017\/03\/P1130880-768x576.jpg 768w, https:\/\/www.korutaekwondo.de\/wp-content\/uploads\/2017\/03\/P1130880-600x450.jpg 600w, https:\/\/www.korutaekwondo.de\/wp-content\/uploads\/2017\/03\/P1130880.jpg 912w\" sizes=\"(max-width: 300px) 100vw, 300px\" \/><\/a><\/p>\n<\/div>\n","protected":false},"excerpt":{"rendered":"<p>Vergangene Woche fand unsere erste Kup Pr\u00fcfung des Jahres 2017 statt. Zum ersten Mal wurde diese in der Sporthalle in Elm veranstaltet. Daf\u00fcr hatten wir nach mehreren Jahren auch wieder einen externen Pr\u00fcfer, Dr. Markus Klein zu Gast. Der 5. Dan und Landeskadertrainer Poomsae der T.U. Saar ist vor allem aufgrund seiner ruhigen Art bei &hellip; <\/p>\n<p class=\"link-more\"><a href=\"https:\/\/www.korutaekwondo.de\/?p=709\" class=\"more-link\"><span class=\"screen-reader-text\">\u201eErste Kup Pr\u00fcfung 2017\u201c<\/span> weiterlesen<\/a><\/p>\n","protected":false},"author":2,"featured_media":708,"comment_status":"open","ping_status":"open","sticky":false,"template":"","format":"standard","meta":[],"categories":[7,6],"tags":[],"_links":{"self":[{"href":"https:\/\/www.korutaekwondo.de\/index.php?rest_route=\/wp\/v2\/posts\/709"}],"collection":[{"href":"https:\/\/www.korutaekwondo.de\/index.php?rest_route=\/wp\/v2\/posts"}],"about":[{"href":"https:\/\/www.korutaekwondo.de\/index.php?rest_route=\/wp\/v2\/types\/post"}],"author":[{"embeddable":true,"href":"https:\/\/www.korutaekwondo.de\/index.php?rest_route=\/wp\/v2\/users\/2"}],"replies":[{"embeddable":true,"href":"https:\/\/www.korutaekwondo.de\/index.php?rest_route=%2Fwp%2Fv2%2Fcomments&post=709"}],"version-history":[{"count":6,"href":"https:\/\/www.korutaekwondo.de\/index.php?rest_route=\/wp\/v2\/posts\/709\/revisions"}],"predecessor-version":[{"id":722,"href":"https:\/\/www.korutaekwondo.de\/index.php?rest_route=\/wp\/v2\/posts\/709\/revisions\/722"}],"wp:featuredmedia":[{"embeddable":true,"href":"https:\/\/www.korutaekwondo.de\/index.php?rest_route=\/wp\/v2\/media\/708"}],"wp:attachment":[{"href":"https:\/\/www.korutaekwondo.de\/index.php?rest_route=%2Fwp%2Fv2%2Fmedia&parent=709"}],"wp:term":[{"taxonomy":"category","embeddable":true,"href":"https:\/\/www.korutaekwondo.de\/index.php?rest_route=%2Fwp%2Fv2%2Fcategories&post=709"},{"taxonomy":"post_tag","embeddable":true,"href":"https:\/\/www.korutaekwondo.de\/index.php?rest_route=%2Fwp%2Fv2%2Ftags&post=709"}],"curies":[{"name":"wp","href":"https:\/\/api.w.org\/{rel}","templated":true}]}}