{"id":406,"date":"2015-06-10T10:37:15","date_gmt":"2015-06-10T08:37:15","guid":{"rendered":"http:\/\/www.taekwondo-elm.de\/?p=406"},"modified":"2017-03-02T09:10:54","modified_gmt":"2017-03-02T07:10:54","slug":"dan-pruefung-06-06-2015","status":"publish","type":"post","link":"https:\/\/www.korutaekwondo.de\/?p=406","title":{"rendered":"Dan Pr\u00fcfung 06.06.2015"},"content":{"rendered":"<p>Elm\/Landsweiler Reden &#8211; Am vergangenen Samstag, dem 06.06.2015 fand die Dan Pr\u00fcfung der TU Saar in Landsweiler Reden statt. Die gro\u00dfe Pr\u00fcfung mit 17 Teilnehmern stand unter der Leitung des Pr\u00fcferteams rund um Markus Klein, Michael Graf und Axel M\u00fcller. Der TKD Elm war nat\u00fcrlich auch vertreten, wenn auch aktiv nur in Form unseres Pr\u00e4sidenten, dem Pr\u00e4sident der TU Saar und dem Landespr\u00fcfungsreferent, Ede Meyer.<\/p>\n<p>Obwohl kein Pr\u00fcfling aus Elm an den Start ging, lie\u00dfen es sich Bernard und Markus nicht nehmen,der Pr\u00fcfung als Zuschauer beizuwohnen. Nicht zuletzt um Kleinigkeiten mit Ede zu kl\u00e4ren und Axel zur Universiade-Nominierung von Carolin bei einem Umtrunk in der Saarlouiser Altstadt zu begl\u00fcckw\u00fcnschen.<br \/>\nDie Pr\u00fcfung verlief recht zufriedenstellend f\u00fcr Pr\u00fcfer, Pr\u00fcflinge und Veranstalter, lediglich der Bruchtest zog das Gesamtbild der insgesamt guten Pr\u00fcfung herunter.<\/p>\n<p>Im Namen unseres Pr\u00e4sidenten m\u00f6chten wir uns noch einmal bei allen Helfern, Pr\u00fcfern und Pr\u00fcflingen bedanken.<\/p>\n<p>Des Weiteren w\u00fcnschen wir unserem Freund Axel und nat\u00fcrlich auch Carolin alles Gute und viel Erfolg in S\u00fcdkorea bei der Universiade.<\/p>\n<div id='gallery-1' class='gallery galleryid-406 gallery-columns-3 gallery-size-thumbnail'><figure class='gallery-item'>\n\t\t\t<div class='gallery-icon landscape'>\n\t\t\t\t<a href='https:\/\/www.korutaekwondo.de\/wp-content\/uploads\/2015\/06\/IMAG1555.jpg'><img width=\"150\" height=\"150\" src=\"https:\/\/www.korutaekwondo.de\/wp-content\/uploads\/2015\/06\/IMAG1555-150x150.jpg\" class=\"attachment-thumbnail size-thumbnail\" alt=\"\" loading=\"lazy\" aria-describedby=\"gallery-1-407\" srcset=\"https:\/\/www.korutaekwondo.de\/wp-content\/uploads\/2015\/06\/IMAG1555-150x150.jpg 150w, https:\/\/www.korutaekwondo.de\/wp-content\/uploads\/2015\/06\/IMAG1555-53x53.jpg 53w\" sizes=\"100vw\" \/><\/a>\n\t\t\t<\/div>\n\t\t\t\t<figcaption class='wp-caption-text gallery-caption' id='gallery-1-407'>\n\t\t\t\tDie Pr\u00fcflinge und Pr\u00fcfer\n\t\t\t\t<\/figcaption><\/figure><figure class='gallery-item'>\n\t\t\t<div class='gallery-icon portrait'>\n\t\t\t\t<a href='https:\/\/www.korutaekwondo.de\/wp-content\/uploads\/2015\/06\/IMAG1557_1.jpg'><img width=\"150\" height=\"150\" src=\"https:\/\/www.korutaekwondo.de\/wp-content\/uploads\/2015\/06\/IMAG1557_1-150x150.jpg\" class=\"attachment-thumbnail size-thumbnail\" alt=\"\" loading=\"lazy\" aria-describedby=\"gallery-1-408\" srcset=\"https:\/\/www.korutaekwondo.de\/wp-content\/uploads\/2015\/06\/IMAG1557_1-150x150.jpg 150w, https:\/\/www.korutaekwondo.de\/wp-content\/uploads\/2015\/06\/IMAG1557_1-53x53.jpg 53w\" sizes=\"100vw\" \/><\/a>\n\t\t\t<\/div>\n\t\t\t\t<figcaption class='wp-caption-text gallery-caption' id='gallery-1-408'>\n\t\t\t\tEde und Axel\n\t\t\t\t<\/figcaption><\/figure>\n\t\t<\/div>\n\n","protected":false},"excerpt":{"rendered":"<p>Elm\/Landsweiler Reden &#8211; Am vergangenen Samstag, dem 06.06.2015 fand die Dan Pr\u00fcfung der TU Saar in Landsweiler Reden statt. Die gro\u00dfe Pr\u00fcfung mit 17 Teilnehmern stand unter der Leitung des Pr\u00fcferteams rund um Markus Klein, Michael Graf und Axel M\u00fcller. Der TKD Elm war nat\u00fcrlich auch vertreten, wenn auch aktiv nur in Form unseres Pr\u00e4sidenten, &hellip; <\/p>\n<p class=\"link-more\"><a href=\"https:\/\/www.korutaekwondo.de\/?p=406\" class=\"more-link\"><span class=\"screen-reader-text\">\u201eDan Pr\u00fcfung 06.06.2015\u201c<\/span> weiterlesen<\/a><\/p>\n","protected":false},"author":2,"featured_media":0,"comment_status":"open","ping_status":"open","sticky":false,"template":"","format":"standard","meta":[],"categories":[9,6],"tags":[],"_links":{"self":[{"href":"https:\/\/www.korutaekwondo.de\/index.php?rest_route=\/wp\/v2\/posts\/406"}],"collection":[{"href":"https:\/\/www.korutaekwondo.de\/index.php?rest_route=\/wp\/v2\/posts"}],"about":[{"href":"https:\/\/www.korutaekwondo.de\/index.php?rest_route=\/wp\/v2\/types\/post"}],"author":[{"embeddable":true,"href":"https:\/\/www.korutaekwondo.de\/index.php?rest_route=\/wp\/v2\/users\/2"}],"replies":[{"embeddable":true,"href":"https:\/\/www.korutaekwondo.de\/index.php?rest_route=%2Fwp%2Fv2%2Fcomments&post=406"}],"version-history":[{"count":3,"href":"https:\/\/www.korutaekwondo.de\/index.php?rest_route=\/wp\/v2\/posts\/406\/revisions"}],"predecessor-version":[{"id":414,"href":"https:\/\/www.korutaekwondo.de\/index.php?rest_route=\/wp\/v2\/posts\/406\/revisions\/414"}],"wp:attachment":[{"href":"https:\/\/www.korutaekwondo.de\/index.php?rest_route=%2Fwp%2Fv2%2Fmedia&parent=406"}],"wp:term":[{"taxonomy":"category","embeddable":true,"href":"https:\/\/www.korutaekwondo.de\/index.php?rest_route=%2Fwp%2Fv2%2Fcategories&post=406"},{"taxonomy":"post_tag","embeddable":true,"href":"https:\/\/www.korutaekwondo.de\/index.php?rest_route=%2Fwp%2Fv2%2Ftags&post=406"}],"curies":[{"name":"wp","href":"https:\/\/api.w.org\/{rel}","templated":true}]}}