{"id":267,"date":"2015-02-09T09:50:59","date_gmt":"2015-02-09T09:50:59","guid":{"rendered":"http:\/\/www.taekwondo-elm.de\/?p=267"},"modified":"2017-06-27T08:18:01","modified_gmt":"2017-06-27T06:18:01","slug":"wintercamp-2015-2","status":"publish","type":"post","link":"https:\/\/www.korutaekwondo.de\/?p=267","title":{"rendered":"Wintercamp 2015"},"content":{"rendered":"<ol start=\"19\">\n<li>Wintercamp in Harlange \u2013 Luxemburg<\/li>\n<\/ol>\n<p>Man kennt uns noch.<br \/>\nNach zwei Jahren der Abwesenheit im Wintercamp waren wir diesmal wieder mit vier Sportlern am Start. Der F\u00fcnfte im Bunde hatte leider kurzfristig arbeitsbedingt abgesagt, aber nichtsdestotrotz machten sich Bernard, Markus, Oli und Nihat am Freitagnachmittag auf den Weg nach Harlange in Luxemburg zum 19. Wintercamp.<\/p>\n<p>Die Vorfreude und die Spannung waren riesig. Die zwei Erfahrenen Lehrgangsteilnehmer, Bernard(zum <strong>16. Mal<\/strong> im Wintercamp) und Markus(zum 7. Mal im Wintercamp) freuten sich auf das Wiedersehen mit alten Freunden, wie z.B. dem Veranstalter, Andre Dregos wohingegen Oli und Nihat zum ersten Mal im Camp waren und nicht so recht wussten auf was sie sich da eingelassen hatten.<br \/>\nNach einem baustellenbedingten langen Umweg durch Saarlands D\u00f6rfer und luxemburgischen Feierabendstaus kamen die vier gerade noch rechtzeitig zur ersten Trainingseinheit am Freitagabend im Sportzentrum Harlange an. Danach ging es in die Jugendherberge Marjaashaff in Liefrange, wie immer.<br \/>\nZur Elmer \u201eWintercamptradition\u201c geh\u00f6rt neben einem guten Training auch die Eigenschaft, in der Essenshalle am Stammtisch zu sitzen und das erste Bier des Lehrgangs zu trinken. Diese Tradition wurde von Bernard und Oli mit Bravour eingehalten, genauso wie die Tradition des \u201eals Letzte mit den Veranstaltern sitzen, lachen und trinken\u201c \u2013 an beiden Abenden.<\/p>\n<p>Nach einer kurzen, aber erholsamen Nacht wurde am Samstag trainiert. Oli und Nihat wurden beauftragt, alle verschiedenen Trainingseinheiten aller Bereiche zu absolvieren, was am Samstagmorgen bedeutete:<\/p>\n<p>Poomsae mit Meister <strong>Ky-Tu Dang<br \/>\nKy-Tu Dang<\/strong>, 8. Dan Taekwondo, ist einer der besten Poomsae Spezialisten unserer Zeit. Der D\u00e4ne vietnamesischer Abstammung kommt dem, was man unter Perfektion versteht, sehr nahe. Seine au\u00dferordentliche Gelenkigkeit und sein Verst\u00e4ndnis des Taekwondo, kombiniert mit seiner sympathischen, netten Art macht ihm zu einem der weltbesten Poomsae Trainer. Seine Erfolge:<br \/>\n<strong>European Champion<\/strong> in:\u00a0 1993, 1995, 1999, 2001, 2003, 2005, 2007 and 2009;<br \/>\n<strong>World Champion<\/strong> in 2007 and <strong>Silver Medal holder<\/strong> in 2006, 2008 and 2009<a href=\"http:\/\/www.taekwondo-elm.de\/wp-content\/uploads\/2015\/02\/Ky-Tu.jpg\"><br \/>\n<img loading=\"lazy\" class=\"alignnone wp-image-271\" src=\"http:\/\/www.taekwondo-elm.de\/wp-content\/uploads\/2015\/02\/Ky-Tu-214x300.jpg\" alt=\"Ky Tu\" width=\"168\" height=\"236\" srcset=\"https:\/\/www.korutaekwondo.de\/wp-content\/uploads\/2015\/02\/Ky-Tu-214x300.jpg 214w, https:\/\/www.korutaekwondo.de\/wp-content\/uploads\/2015\/02\/Ky-Tu.jpg 400w\" sizes=\"(max-width: 168px) 100vw, 168px\" \/><\/a><\/p>\n<p>Bernard und Markus starteten mit einer Kyorugi-Einheit bei unserem Freund Henk Meijer. Sowieso sollte der ganze Tag der beiden ausschlie\u00dflich aus \u201eHenk-Training\u201c bestehen.<\/p>\n<p>Henk Meijer, 6. Dan Taekwondo, wurde 1985 der erste nicht koreanische Weltmeister im Taekwondo in S\u00fcdkorea. Nach seiner aktiven Sportlerkarriere war er unter anderem Nationaltrainer von Holland, als welcher er bei 2 Olympiaden teilnahm und Nationaltrainer von Frankreich.<a href=\"http:\/\/www.taekwondo-elm.de\/wp-content\/uploads\/2015\/02\/HenkMeijer_portrait.jpg\"><br \/>\n<img loading=\"lazy\" class=\"alignnone wp-image-270\" src=\"http:\/\/www.taekwondo-elm.de\/wp-content\/uploads\/2015\/02\/HenkMeijer_portrait-200x300.jpg\" alt=\"HenkMeijer_portrait\" width=\"158\" height=\"237\" srcset=\"https:\/\/www.korutaekwondo.de\/wp-content\/uploads\/2015\/02\/HenkMeijer_portrait-200x300.jpg 200w, https:\/\/www.korutaekwondo.de\/wp-content\/uploads\/2015\/02\/HenkMeijer_portrait.jpg 239w\" sizes=\"(max-width: 158px) 100vw, 158px\" \/><\/a><\/p>\n<p>Nach der zweiten Trainingseinheit unter Henk Meijer, an der alle Elmer teilnahmen, gab es Mittagessen. Aufgrund des beschr\u00e4nkten Platzes in der Essenshalle wurde beschlossen, die letzte Einheit des Nachmittags, eine einst\u00fcndige Massage, von 17:15-18:15 ausfallenzulassen um zu gew\u00e4hrleisten, dass der Stammplatz f\u00fcr den Abend gesichert ist &#8211; gesagt getan.<br \/>\nM\u00fcde und platt wurde zu Abend gegessen und Karten gespielt. Oli bekam Skat beigebracht und sorgte durch sein unkonventionelles Spiel f\u00fcr gro\u00dfe Erheiterung am Tisch. Als Letzte verlie\u00dfen die Elmer den Speisesaal und machten sich auf ins Bett.<br \/>\nGott sei Dank stand am Sonntagmorgen eine Einheit Tai Chi mit Nuno Damaso<a href=\"http:\/\/www.taekwondo-elm.de\/wp-content\/uploads\/2015\/02\/damaso2009.jpg\"><br \/>\n<img loading=\"lazy\" class=\"alignnone wp-image-269\" src=\"http:\/\/www.taekwondo-elm.de\/wp-content\/uploads\/2015\/02\/damaso2009-238x300.jpg\" alt=\"damaso2009\" width=\"190\" height=\"239\" srcset=\"https:\/\/www.korutaekwondo.de\/wp-content\/uploads\/2015\/02\/damaso2009-238x300.jpg 238w, https:\/\/www.korutaekwondo.de\/wp-content\/uploads\/2015\/02\/damaso2009.jpg 304w\" sizes=\"(max-width: 190px) 100vw, 190px\" \/><\/a><\/p>\n<p>auf dem Plan, das brauchte Oli nach seiner Einf\u00fchrung in die Schlafvorbereitung mit \u201eLetzeburger Schloftabletten\u201c und einer sehr kurzen Nacht.<\/p>\n<p>Als letzte Trainingseinheit des Camps stand noch eine Kyorugi-Einheit mit Henk an, welche mit viel Sparring gestaltet wurde. Die bunt gemischte Gruppe bot eine sehr gute Gelegenheit zu trainieren, denn neben Breitensportlern waren unter anderem der <strong>holl\u00e4ndische Vizemeister Senioren -63kg, <\/strong>Matthijs Boon und der <strong>holl\u00e4ndische Meister der Veteranen im Schwergewicht<\/strong>, Manuel Pohan in der Gruppe.<\/p>\n<p>Traditionell verl\u00e4sst der TKD Elm das Wintercamp nach dem Essen am Sonntagmittag. Dies war auch dieses Jahr so.<br \/>\nNach einer sehr angenehmen Heimfahrt kamen die Elmer am Sonntagnachmittag ersch\u00f6pft, gl\u00fccklich und motiviert zu Hause an. Das Jahr 2015 startete, zumindest f\u00fcr diese vier, sehr gut und mit viel Gel\u00e4chter.<\/p>\n<p>Am ersten Februarwochenende des n\u00e4chsten Jahres steht das 20. Wintercamp an. Der TKD Elm wird nat\u00fcrlich wieder vertreten sein, diesmal hoffentlich wieder mit mehr Teilnehmern.<\/p>\n<div id='gallery-1' class='gallery galleryid-267 gallery-columns-3 gallery-size-thumbnail'><figure class='gallery-item'>\n\t\t\t<div class='gallery-icon landscape'>\n\t\t\t\t<a href='https:\/\/www.korutaekwondo.de\/wp-content\/uploads\/2015\/02\/IMAG1326.jpg'><img width=\"150\" height=\"150\" src=\"https:\/\/www.korutaekwondo.de\/wp-content\/uploads\/2015\/02\/IMAG1326-150x150.jpg\" class=\"attachment-thumbnail size-thumbnail\" alt=\"\" loading=\"lazy\" aria-describedby=\"gallery-1-280\" srcset=\"https:\/\/www.korutaekwondo.de\/wp-content\/uploads\/2015\/02\/IMAG1326-150x150.jpg 150w, https:\/\/www.korutaekwondo.de\/wp-content\/uploads\/2015\/02\/IMAG1326-53x53.jpg 53w\" sizes=\"100vw\" \/><\/a>\n\t\t\t<\/div>\n\t\t\t\t<figcaption class='wp-caption-text gallery-caption' id='gallery-1-280'>\n\t\t\t\tDie Unterkunft\n\t\t\t\t<\/figcaption><\/figure><figure class='gallery-item'>\n\t\t\t<div class='gallery-icon portrait'>\n\t\t\t\t<a href='https:\/\/www.korutaekwondo.de\/wp-content\/uploads\/2015\/02\/IMAG1327.jpg'><img width=\"150\" height=\"150\" src=\"https:\/\/www.korutaekwondo.de\/wp-content\/uploads\/2015\/02\/IMAG1327-150x150.jpg\" class=\"attachment-thumbnail size-thumbnail\" alt=\"\" loading=\"lazy\" aria-describedby=\"gallery-1-281\" srcset=\"https:\/\/www.korutaekwondo.de\/wp-content\/uploads\/2015\/02\/IMAG1327-150x150.jpg 150w, https:\/\/www.korutaekwondo.de\/wp-content\/uploads\/2015\/02\/IMAG1327-53x53.jpg 53w\" sizes=\"100vw\" \/><\/a>\n\t\t\t<\/div>\n\t\t\t\t<figcaption class='wp-caption-text gallery-caption' id='gallery-1-281'>\n\t\t\t\tNihat schnappt zum ersten Mal Wintercampluft\n\t\t\t\t<\/figcaption><\/figure><figure class='gallery-item'>\n\t\t\t<div class='gallery-icon landscape'>\n\t\t\t\t<a href='https:\/\/www.korutaekwondo.de\/wp-content\/uploads\/2015\/02\/IMAG1325.jpg'><img width=\"150\" height=\"150\" src=\"https:\/\/www.korutaekwondo.de\/wp-content\/uploads\/2015\/02\/IMAG1325-150x150.jpg\" class=\"attachment-thumbnail size-thumbnail\" alt=\"\" loading=\"lazy\" aria-describedby=\"gallery-1-279\" srcset=\"https:\/\/www.korutaekwondo.de\/wp-content\/uploads\/2015\/02\/IMAG1325-150x150.jpg 150w, https:\/\/www.korutaekwondo.de\/wp-content\/uploads\/2015\/02\/IMAG1325-53x53.jpg 53w\" sizes=\"100vw\" \/><\/a>\n\t\t\t<\/div>\n\t\t\t\t<figcaption class='wp-caption-text gallery-caption' id='gallery-1-279'>\n\t\t\t\tDas Elmer Zimmer\n\t\t\t\t<\/figcaption><\/figure><figure class='gallery-item'>\n\t\t\t<div class='gallery-icon portrait'>\n\t\t\t\t<a href='https:\/\/www.korutaekwondo.de\/wp-content\/uploads\/2015\/02\/IMG-20150208-WA0014.jpg'><img width=\"150\" height=\"150\" src=\"https:\/\/www.korutaekwondo.de\/wp-content\/uploads\/2015\/02\/IMG-20150208-WA0014-150x150.jpg\" class=\"attachment-thumbnail size-thumbnail\" alt=\"\" loading=\"lazy\" aria-describedby=\"gallery-1-293\" srcset=\"https:\/\/www.korutaekwondo.de\/wp-content\/uploads\/2015\/02\/IMG-20150208-WA0014-150x150.jpg 150w, https:\/\/www.korutaekwondo.de\/wp-content\/uploads\/2015\/02\/IMG-20150208-WA0014-53x53.jpg 53w\" sizes=\"100vw\" \/><\/a>\n\t\t\t<\/div>\n\t\t\t\t<figcaption class='wp-caption-text gallery-caption' id='gallery-1-293'>\n\t\t\t\tSo sah der Trainingsplan f\u00fcr das Wochenende aus\n\t\t\t\t<\/figcaption><\/figure><figure class='gallery-item'>\n\t\t\t<div class='gallery-icon portrait'>\n\t\t\t\t<a href='https:\/\/www.korutaekwondo.de\/wp-content\/uploads\/2015\/02\/IMAG1329.jpg'><img width=\"150\" height=\"150\" src=\"https:\/\/www.korutaekwondo.de\/wp-content\/uploads\/2015\/02\/IMAG1329-150x150.jpg\" class=\"attachment-thumbnail size-thumbnail\" alt=\"\" loading=\"lazy\" aria-describedby=\"gallery-1-282\" srcset=\"https:\/\/www.korutaekwondo.de\/wp-content\/uploads\/2015\/02\/IMAG1329-150x150.jpg 150w, https:\/\/www.korutaekwondo.de\/wp-content\/uploads\/2015\/02\/IMAG1329-53x53.jpg 53w\" sizes=\"100vw\" \/><\/a>\n\t\t\t<\/div>\n\t\t\t\t<figcaption class='wp-caption-text gallery-caption' id='gallery-1-282'>\n\t\t\t\tHapkido bei Meister Damaso&#8230;\n\t\t\t\t<\/figcaption><\/figure><figure class='gallery-item'>\n\t\t\t<div class='gallery-icon portrait'>\n\t\t\t\t<a href='https:\/\/www.korutaekwondo.de\/wp-content\/uploads\/2015\/02\/IMAG1330.jpg'><img width=\"150\" height=\"150\" src=\"https:\/\/www.korutaekwondo.de\/wp-content\/uploads\/2015\/02\/IMAG1330-150x150.jpg\" class=\"attachment-thumbnail size-thumbnail\" alt=\"\" loading=\"lazy\" aria-describedby=\"gallery-1-283\" srcset=\"https:\/\/www.korutaekwondo.de\/wp-content\/uploads\/2015\/02\/IMAG1330-150x150.jpg 150w, https:\/\/www.korutaekwondo.de\/wp-content\/uploads\/2015\/02\/IMAG1330-53x53.jpg 53w\" sizes=\"100vw\" \/><\/a>\n\t\t\t<\/div>\n\t\t\t\t<figcaption class='wp-caption-text gallery-caption' id='gallery-1-283'>\n\t\t\t\t&#8230;zuerst zuh\u00f6ren..\n\t\t\t\t<\/figcaption><\/figure><figure class='gallery-item'>\n\t\t\t<div class='gallery-icon landscape'>\n\t\t\t\t<a href='https:\/\/www.korutaekwondo.de\/wp-content\/uploads\/2015\/02\/IMAG1331.jpg'><img width=\"150\" height=\"150\" src=\"https:\/\/www.korutaekwondo.de\/wp-content\/uploads\/2015\/02\/IMAG1331-150x150.jpg\" class=\"attachment-thumbnail size-thumbnail\" alt=\"\" loading=\"lazy\" aria-describedby=\"gallery-1-284\" srcset=\"https:\/\/www.korutaekwondo.de\/wp-content\/uploads\/2015\/02\/IMAG1331-150x150.jpg 150w, https:\/\/www.korutaekwondo.de\/wp-content\/uploads\/2015\/02\/IMAG1331-53x53.jpg 53w\" sizes=\"100vw\" \/><\/a>\n\t\t\t<\/div>\n\t\t\t\t<figcaption class='wp-caption-text gallery-caption' id='gallery-1-284'>\n\t\t\t\t&#8230;danach selbst machen&#8230;\n\t\t\t\t<\/figcaption><\/figure><figure class='gallery-item'>\n\t\t\t<div class='gallery-icon landscape'>\n\t\t\t\t<a href='https:\/\/www.korutaekwondo.de\/wp-content\/uploads\/2015\/02\/IMAG1332.jpg'><img width=\"150\" height=\"150\" src=\"https:\/\/www.korutaekwondo.de\/wp-content\/uploads\/2015\/02\/IMAG1332-150x150.jpg\" class=\"attachment-thumbnail size-thumbnail\" alt=\"\" loading=\"lazy\" srcset=\"https:\/\/www.korutaekwondo.de\/wp-content\/uploads\/2015\/02\/IMAG1332-150x150.jpg 150w, https:\/\/www.korutaekwondo.de\/wp-content\/uploads\/2015\/02\/IMAG1332-53x53.jpg 53w\" sizes=\"100vw\" \/><\/a>\n\t\t\t<\/div><\/figure><figure class='gallery-item'>\n\t\t\t<div class='gallery-icon landscape'>\n\t\t\t\t<a href='https:\/\/www.korutaekwondo.de\/wp-content\/uploads\/2015\/02\/IMAG1340.jpg'><img width=\"150\" height=\"150\" src=\"https:\/\/www.korutaekwondo.de\/wp-content\/uploads\/2015\/02\/IMAG1340-150x150.jpg\" class=\"attachment-thumbnail size-thumbnail\" alt=\"\" loading=\"lazy\" aria-describedby=\"gallery-1-289\" srcset=\"https:\/\/www.korutaekwondo.de\/wp-content\/uploads\/2015\/02\/IMAG1340-150x150.jpg 150w, https:\/\/www.korutaekwondo.de\/wp-content\/uploads\/2015\/02\/IMAG1340-53x53.jpg 53w\" sizes=\"100vw\" \/><\/a>\n\t\t\t<\/div>\n\t\t\t\t<figcaption class='wp-caption-text gallery-caption' id='gallery-1-289'>\n\t\t\t\tDas inoffizielle, harte Training des Wintercamps wird er\u00f6ffnet\n\t\t\t\t<\/figcaption><\/figure><figure class='gallery-item'>\n\t\t\t<div class='gallery-icon landscape'>\n\t\t\t\t<a href='https:\/\/www.korutaekwondo.de\/wp-content\/uploads\/2015\/02\/IMG-20150208-WA0016.jpg'><img width=\"150\" height=\"150\" src=\"https:\/\/www.korutaekwondo.de\/wp-content\/uploads\/2015\/02\/IMG-20150208-WA0016-150x150.jpg\" class=\"attachment-thumbnail size-thumbnail\" alt=\"\" loading=\"lazy\" aria-describedby=\"gallery-1-294\" srcset=\"https:\/\/www.korutaekwondo.de\/wp-content\/uploads\/2015\/02\/IMG-20150208-WA0016-150x150.jpg 150w, https:\/\/www.korutaekwondo.de\/wp-content\/uploads\/2015\/02\/IMG-20150208-WA0016-53x53.jpg 53w\" sizes=\"100vw\" \/><\/a>\n\t\t\t<\/div>\n\t\t\t\t<figcaption class='wp-caption-text gallery-caption' id='gallery-1-294'>\n\t\t\t\t&#8230;aber die Elmer sind unerm\u00fcdlich \ud83d\ude00\n\t\t\t\t<\/figcaption><\/figure><figure class='gallery-item'>\n\t\t\t<div class='gallery-icon landscape'>\n\t\t\t\t<a href='https:\/\/www.korutaekwondo.de\/wp-content\/uploads\/2015\/02\/IMAG1343.jpg'><img width=\"150\" height=\"150\" src=\"https:\/\/www.korutaekwondo.de\/wp-content\/uploads\/2015\/02\/IMAG1343-150x150.jpg\" class=\"attachment-thumbnail size-thumbnail\" alt=\"\" loading=\"lazy\" aria-describedby=\"gallery-1-290\" srcset=\"https:\/\/www.korutaekwondo.de\/wp-content\/uploads\/2015\/02\/IMAG1343-150x150.jpg 150w, https:\/\/www.korutaekwondo.de\/wp-content\/uploads\/2015\/02\/IMAG1343-53x53.jpg 53w\" sizes=\"100vw\" \/><\/a>\n\t\t\t<\/div>\n\t\t\t\t<figcaption class='wp-caption-text gallery-caption' id='gallery-1-290'>\n\t\t\t\tGeburtstagsgeschenke f\u00fcr Meister Ky-Tu Dang und Nuno Damaso\n\t\t\t\t<\/figcaption><\/figure><figure class='gallery-item'>\n\t\t\t<div class='gallery-icon landscape'>\n\t\t\t\t<a href='https:\/\/www.korutaekwondo.de\/wp-content\/uploads\/2015\/02\/IMAG1344.jpg'><img width=\"150\" height=\"150\" src=\"https:\/\/www.korutaekwondo.de\/wp-content\/uploads\/2015\/02\/IMAG1344-150x150.jpg\" class=\"attachment-thumbnail size-thumbnail\" alt=\"\" loading=\"lazy\" aria-describedby=\"gallery-1-291\" srcset=\"https:\/\/www.korutaekwondo.de\/wp-content\/uploads\/2015\/02\/IMAG1344-150x150.jpg 150w, https:\/\/www.korutaekwondo.de\/wp-content\/uploads\/2015\/02\/IMAG1344-53x53.jpg 53w\" sizes=\"100vw\" \/><\/a>\n\t\t\t<\/div>\n\t\t\t\t<figcaption class='wp-caption-text gallery-caption' id='gallery-1-291'>\n\t\t\t\tEin paar Holzschuhe von den Holl\u00e4ndern\n\t\t\t\t<\/figcaption><\/figure><figure class='gallery-item'>\n\t\t\t<div class='gallery-icon landscape'>\n\t\t\t\t<a href='https:\/\/www.korutaekwondo.de\/wp-content\/uploads\/2015\/02\/IMAG1346.jpg'><img width=\"150\" height=\"150\" src=\"https:\/\/www.korutaekwondo.de\/wp-content\/uploads\/2015\/02\/IMAG1346-150x150.jpg\" class=\"attachment-thumbnail size-thumbnail\" alt=\"\" loading=\"lazy\" aria-describedby=\"gallery-1-292\" srcset=\"https:\/\/www.korutaekwondo.de\/wp-content\/uploads\/2015\/02\/IMAG1346-150x150.jpg 150w, https:\/\/www.korutaekwondo.de\/wp-content\/uploads\/2015\/02\/IMAG1346-53x53.jpg 53w\" sizes=\"100vw\" \/><\/a>\n\t\t\t<\/div>\n\t\t\t\t<figcaption class='wp-caption-text gallery-caption' id='gallery-1-292'>\n\t\t\t\t&#8230;und wie es sich geh\u00f6rt wird das Geschenk sofort auf seine Funktionalit\u00e4t gepr\u00fcft..\n\t\t\t\t<\/figcaption><\/figure><figure class='gallery-item'>\n\t\t\t<div class='gallery-icon landscape'>\n\t\t\t\t<a href='https:\/\/www.korutaekwondo.de\/wp-content\/uploads\/2015\/02\/IMAG1338.jpg'><img width=\"150\" height=\"150\" src=\"https:\/\/www.korutaekwondo.de\/wp-content\/uploads\/2015\/02\/IMAG1338-150x150.jpg\" class=\"attachment-thumbnail size-thumbnail\" alt=\"\" loading=\"lazy\" srcset=\"https:\/\/www.korutaekwondo.de\/wp-content\/uploads\/2015\/02\/IMAG1338-150x150.jpg 150w, https:\/\/www.korutaekwondo.de\/wp-content\/uploads\/2015\/02\/IMAG1338-53x53.jpg 53w\" sizes=\"100vw\" \/><\/a>\n\t\t\t<\/div><\/figure>\n\t\t<\/div>\n\n","protected":false},"excerpt":{"rendered":"<p>Wintercamp in Harlange \u2013 Luxemburg Man kennt uns noch. Nach zwei Jahren der Abwesenheit im Wintercamp waren wir diesmal wieder mit vier Sportlern am Start. Der F\u00fcnfte im Bunde hatte leider kurzfristig arbeitsbedingt abgesagt, aber nichtsdestotrotz machten sich Bernard, Markus, Oli und Nihat am Freitagnachmittag auf den Weg nach Harlange in Luxemburg zum 19. Wintercamp. &hellip; <\/p>\n<p class=\"link-more\"><a href=\"https:\/\/www.korutaekwondo.de\/?p=267\" class=\"more-link\"><span class=\"screen-reader-text\">\u201eWintercamp 2015\u201c<\/span> weiterlesen<\/a><\/p>\n","protected":false},"author":2,"featured_media":357,"comment_status":"open","ping_status":"open","sticky":false,"template":"","format":"standard","meta":[],"categories":[9,1],"tags":[],"_links":{"self":[{"href":"https:\/\/www.korutaekwondo.de\/index.php?rest_route=\/wp\/v2\/posts\/267"}],"collection":[{"href":"https:\/\/www.korutaekwondo.de\/index.php?rest_route=\/wp\/v2\/posts"}],"about":[{"href":"https:\/\/www.korutaekwondo.de\/index.php?rest_route=\/wp\/v2\/types\/post"}],"author":[{"embeddable":true,"href":"https:\/\/www.korutaekwondo.de\/index.php?rest_route=\/wp\/v2\/users\/2"}],"replies":[{"embeddable":true,"href":"https:\/\/www.korutaekwondo.de\/index.php?rest_route=%2Fwp%2Fv2%2Fcomments&post=267"}],"version-history":[{"count":5,"href":"https:\/\/www.korutaekwondo.de\/index.php?rest_route=\/wp\/v2\/posts\/267\/revisions"}],"predecessor-version":[{"id":296,"href":"https:\/\/www.korutaekwondo.de\/index.php?rest_route=\/wp\/v2\/posts\/267\/revisions\/296"}],"wp:featuredmedia":[{"embeddable":true,"href":"https:\/\/www.korutaekwondo.de\/index.php?rest_route=\/wp\/v2\/media\/357"}],"wp:attachment":[{"href":"https:\/\/www.korutaekwondo.de\/index.php?rest_route=%2Fwp%2Fv2%2Fmedia&parent=267"}],"wp:term":[{"taxonomy":"category","embeddable":true,"href":"https:\/\/www.korutaekwondo.de\/index.php?rest_route=%2Fwp%2Fv2%2Fcategories&post=267"},{"taxonomy":"post_tag","embeddable":true,"href":"https:\/\/www.korutaekwondo.de\/index.php?rest_route=%2Fwp%2Fv2%2Ftags&post=267"}],"curies":[{"name":"wp","href":"https:\/\/api.w.org\/{rel}","templated":true}]}}