{"id":226,"date":"2008-03-31T12:11:43","date_gmt":"2008-03-31T12:11:43","guid":{"rendered":"http:\/\/www.taekwondo-elm.de\/?p=226"},"modified":"2015-01-20T05:54:53","modified_gmt":"2015-01-20T05:54:53","slug":"deutsche-meisterschaft-jugend-a-2008","status":"publish","type":"post","link":"https:\/\/www.korutaekwondo.de\/?p=226","title":{"rendered":"Deutsche Meisterschaft Jugend A 2008"},"content":{"rendered":"<p>Der 29.03.2008 sollte Bernard Koniczek, seinem Sch\u00fctzling Markus Krein und dem gesamt TKD Elm noch lange in Erinnerung bleiben. Einmal mehr machte sich Bernard zu einer deutschen Meisterschaft der Jugend mit seinem Sch\u00fctzling Markus Krein auf. Nach dem erfolgreichen Jahr 2007 und einer guten Vorbereitung waren beide zuversichtlich und so kamen die Elmer gut gelaunt in Unna an.<\/p>\n<p>Das gute Gef\u00fchl der beiden best\u00e4tigte sich sp\u00e4testens im Viertelfinale, in dem Markus auf einen K\u00e4mpfer des TC Laar aus der NWTU(Nordrhein-Westf\u00e4lische Taekwondo Union) traf. Der K\u00e4mpfer aus dem Heimatverein des deutschen Olympiateilnehmers und 3-fachen Europameisters Levent Tuncat erwies sich wie erwartet als extrem harter Gegner. Markus, der im Vorfeld schon mit einer Sprunggelenksverletzung zu k\u00e4mpfen hatte, knickte in der letzten Runde des Kampfes um und zog sich dadurch eine erneute Verletzung des B\u00e4nderapparates zu. Er konnte den Kampf jedoch noch knapp mit 7:6 f\u00fcr sich entscheiden und so stand zum ersten Mal seit der Gr\u00fcndung der TU Saar ein saarl\u00e4ndischer K\u00e4mpfer im Halbfinale einer deutschen Meisterschaft.<\/p>\n<p>Zwischen dem Viertelfinale und dem Halbfinale lagen gl\u00fccklicherweise nur 2 K\u00e4mpfe, weshalb das verletzte Sprunggelenk das Halbfinale mit dem n\u00f6tigen Tape und Adrenalin \u00fcberstand. Der Halbfinalgegner aus Berlin war in der ersten Runde noch ebenb\u00fcrtig, ab der zweiten Runde allerdings chancenlos. Mit einem 10:4 war das erste saarl\u00e4ndische Edelmetall bei einer deutschen Meisterschaft gesichert.<\/p>\n<p>Auch wenn das Sprunggelenk den Traum vom Finale leider platzen lies, waren die Elmer froh und gl\u00fccklich \u00fcber diesen 2. Platz, der nur der erste Teil der Erfolgsgeschichte sein sollte.<\/p>\n<p>Auf der Heimfahrt belohnten sich Bernard und Markus mit dem ein oder anderen Bierchen und einer Erkenntnis von Aziz Acharki, einem ehemaligen Weltmeister nach dem Finale:<\/p>\n<blockquote><p>Jetzt hast du es endlich geschafft Bernard!<br \/>\nNiemand wei\u00df wo Elm liegt, aber jeder wei\u00df was Elm ist.<\/p><\/blockquote>\n<div id='gallery-1' class='gallery galleryid-226 gallery-columns-3 gallery-size-thumbnail'><figure class='gallery-item'>\n\t\t\t<div class='gallery-icon portrait'>\n\t\t\t\t<a href='https:\/\/www.korutaekwondo.de\/wp-content\/uploads\/2015\/01\/DEM_2008.png'><img width=\"150\" height=\"150\" src=\"https:\/\/www.korutaekwondo.de\/wp-content\/uploads\/2015\/01\/DEM_2008-150x150.png\" class=\"attachment-thumbnail size-thumbnail\" alt=\"\" loading=\"lazy\" srcset=\"https:\/\/www.korutaekwondo.de\/wp-content\/uploads\/2015\/01\/DEM_2008-150x150.png 150w, https:\/\/www.korutaekwondo.de\/wp-content\/uploads\/2015\/01\/DEM_2008-53x53.png 53w\" sizes=\"100vw\" \/><\/a>\n\t\t\t<\/div><\/figure>\n\t\t<\/div>\n\n","protected":false},"excerpt":{"rendered":"<p>Der 29.03.2008 sollte Bernard Koniczek, seinem Sch\u00fctzling Markus Krein und dem gesamt TKD Elm noch lange in Erinnerung bleiben. Einmal mehr machte sich Bernard zu einer deutschen Meisterschaft der Jugend mit seinem Sch\u00fctzling Markus Krein auf. Nach dem erfolgreichen Jahr 2007 und einer guten Vorbereitung waren beide zuversichtlich und so kamen die Elmer gut gelaunt &hellip; <\/p>\n<p class=\"link-more\"><a href=\"https:\/\/www.korutaekwondo.de\/?p=226\" class=\"more-link\"><span class=\"screen-reader-text\">\u201eDeutsche Meisterschaft Jugend A 2008\u201c<\/span> weiterlesen<\/a><\/p>\n","protected":false},"author":2,"featured_media":250,"comment_status":"closed","ping_status":"open","sticky":false,"template":"","format":"standard","meta":[],"categories":[1,3],"tags":[],"_links":{"self":[{"href":"https:\/\/www.korutaekwondo.de\/index.php?rest_route=\/wp\/v2\/posts\/226"}],"collection":[{"href":"https:\/\/www.korutaekwondo.de\/index.php?rest_route=\/wp\/v2\/posts"}],"about":[{"href":"https:\/\/www.korutaekwondo.de\/index.php?rest_route=\/wp\/v2\/types\/post"}],"author":[{"embeddable":true,"href":"https:\/\/www.korutaekwondo.de\/index.php?rest_route=\/wp\/v2\/users\/2"}],"replies":[{"embeddable":true,"href":"https:\/\/www.korutaekwondo.de\/index.php?rest_route=%2Fwp%2Fv2%2Fcomments&post=226"}],"version-history":[{"count":4,"href":"https:\/\/www.korutaekwondo.de\/index.php?rest_route=\/wp\/v2\/posts\/226\/revisions"}],"predecessor-version":[{"id":243,"href":"https:\/\/www.korutaekwondo.de\/index.php?rest_route=\/wp\/v2\/posts\/226\/revisions\/243"}],"wp:featuredmedia":[{"embeddable":true,"href":"https:\/\/www.korutaekwondo.de\/index.php?rest_route=\/wp\/v2\/media\/250"}],"wp:attachment":[{"href":"https:\/\/www.korutaekwondo.de\/index.php?rest_route=%2Fwp%2Fv2%2Fmedia&parent=226"}],"wp:term":[{"taxonomy":"category","embeddable":true,"href":"https:\/\/www.korutaekwondo.de\/index.php?rest_route=%2Fwp%2Fv2%2Fcategories&post=226"},{"taxonomy":"post_tag","embeddable":true,"href":"https:\/\/www.korutaekwondo.de\/index.php?rest_route=%2Fwp%2Fv2%2Ftags&post=226"}],"curies":[{"name":"wp","href":"https:\/\/api.w.org\/{rel}","templated":true}]}}