{"id":142,"date":"2014-06-28T11:53:52","date_gmt":"2014-06-28T11:53:52","guid":{"rendered":"http:\/\/www.taekwondo-elm.de\/?p=142"},"modified":"2017-03-02T09:11:24","modified_gmt":"2017-03-02T07:11:24","slug":"lehrgang-vichten-2014","status":"publish","type":"post","link":"https:\/\/www.korutaekwondo.de\/?p=142","title":{"rendered":"Lehrgang Vichten 2014"},"content":{"rendered":"<p>Am Samstag, dem 28.06.2014 fand ein Lehrgang unseres Freundes Nuno D\u00e2maso in Vichten, Luxemburg statt. Diese Gelegenheit wollten wir uns nat\u00fcrlich nicht entgehen lassen und so entschlossen sich Bernard und Markus kurzerhand 150km weit ins tiefste Luxemburger Hinterland zu fahren, der eine zum Trainieren und der andere frei nach dem Motto: \u201esehen und gesehen werden.\u201c<\/p>\n<p>Jeder der schon mal mit Bernard eine Tour gemacht hat wei\u00df, dass man sich auf kleine Waldwege und spezielle \u201eAbk\u00fcrzungen\u201c freuen darf, ebenso wie Navigationsger\u00e4te in der heutigen Zeit vollkommen \u00fcberbewertet werden. Markus wurde als Navigator mit einer klassischen Landkarte eingesetzt w\u00e4hrend Bernard mit einer Gelassenheit, die nur ein wahrer Meister an den Tag legen kann, fuhr.<\/p>\n<p>Diese Kombination erwies sich als sehr erfolgreich, bis kurz vor dem Ziel. Nach einer 3-Runden-Fahrt um einen H\u00e4userblock und einer eleganten Schleife erreichten sie endlich nach knapp zwei Stunden Fahrzeit ihr Ziel.<\/p>\n<p>In der Halle angekommen, trafen die beiden Elmer auf gro\u00dfe, \u00fcberraschte Augen, da man sich ohne Vorank\u00fcndigung selbst eingeladen hatte. Die \u00fcberraschten Mienen wandelten sich aber schnell in freundliche Gesichter und eine herzliche Begr\u00fc\u00dfung. F\u00fcr Markus ging es in die Umkleidekabine und Bernard tat was er immer tut, er redete und redete und redete.<\/p>\n<p>Am Ende des Trainings wurde ihnen sogar noch freundlicher Weise der beste Heimweg erkl\u00e4rt, welcher in einem 12km langen Stau endete. Nach 3 Stunden kamen die beiden wieder in Dillingen an und konnten auf einen unterhaltsamen, anstrengenden und vor allem sehr lehrreichen Tag zur\u00fcckblicken, bei dem viele Erfahrungen gesammelt wurden, welche nat\u00fcrlich nur darauf warten weitergegeben zu werden.<\/p>\n<div id='gallery-1' class='gallery galleryid-142 gallery-columns-3 gallery-size-thumbnail'><figure class='gallery-item'>\n\t\t\t<div class='gallery-icon portrait'>\n\t\t\t\t<a href='https:\/\/www.korutaekwondo.de\/wp-content\/uploads\/2015\/01\/IMAG0892.jpg'><img width=\"150\" height=\"150\" src=\"https:\/\/www.korutaekwondo.de\/wp-content\/uploads\/2015\/01\/IMAG0892-150x150.jpg\" class=\"attachment-thumbnail size-thumbnail\" alt=\"\" loading=\"lazy\" srcset=\"https:\/\/www.korutaekwondo.de\/wp-content\/uploads\/2015\/01\/IMAG0892-150x150.jpg 150w, https:\/\/www.korutaekwondo.de\/wp-content\/uploads\/2015\/01\/IMAG0892-53x53.jpg 53w\" sizes=\"100vw\" \/><\/a>\n\t\t\t<\/div><\/figure>\n\t\t<\/div>\n\n","protected":false},"excerpt":{"rendered":"<p>Am Samstag, dem 28.06.2014 fand ein Lehrgang unseres Freundes Nuno D\u00e2maso in Vichten, Luxemburg statt. Diese Gelegenheit wollten wir uns nat\u00fcrlich nicht entgehen lassen und so entschlossen sich Bernard und Markus kurzerhand 150km weit ins tiefste Luxemburger Hinterland zu fahren, der eine zum Trainieren und der andere frei nach dem Motto: \u201esehen und gesehen werden.\u201c &hellip; <\/p>\n<p class=\"link-more\"><a href=\"https:\/\/www.korutaekwondo.de\/?p=142\" class=\"more-link\"><span class=\"screen-reader-text\">\u201eLehrgang Vichten 2014\u201c<\/span> weiterlesen<\/a><\/p>\n","protected":false},"author":2,"featured_media":364,"comment_status":"closed","ping_status":"open","sticky":false,"template":"","format":"standard","meta":[],"categories":[10,5],"tags":[],"_links":{"self":[{"href":"https:\/\/www.korutaekwondo.de\/index.php?rest_route=\/wp\/v2\/posts\/142"}],"collection":[{"href":"https:\/\/www.korutaekwondo.de\/index.php?rest_route=\/wp\/v2\/posts"}],"about":[{"href":"https:\/\/www.korutaekwondo.de\/index.php?rest_route=\/wp\/v2\/types\/post"}],"author":[{"embeddable":true,"href":"https:\/\/www.korutaekwondo.de\/index.php?rest_route=\/wp\/v2\/users\/2"}],"replies":[{"embeddable":true,"href":"https:\/\/www.korutaekwondo.de\/index.php?rest_route=%2Fwp%2Fv2%2Fcomments&post=142"}],"version-history":[{"count":2,"href":"https:\/\/www.korutaekwondo.de\/index.php?rest_route=\/wp\/v2\/posts\/142\/revisions"}],"predecessor-version":[{"id":365,"href":"https:\/\/www.korutaekwondo.de\/index.php?rest_route=\/wp\/v2\/posts\/142\/revisions\/365"}],"wp:featuredmedia":[{"embeddable":true,"href":"https:\/\/www.korutaekwondo.de\/index.php?rest_route=\/wp\/v2\/media\/364"}],"wp:attachment":[{"href":"https:\/\/www.korutaekwondo.de\/index.php?rest_route=%2Fwp%2Fv2%2Fmedia&parent=142"}],"wp:term":[{"taxonomy":"category","embeddable":true,"href":"https:\/\/www.korutaekwondo.de\/index.php?rest_route=%2Fwp%2Fv2%2Fcategories&post=142"},{"taxonomy":"post_tag","embeddable":true,"href":"https:\/\/www.korutaekwondo.de\/index.php?rest_route=%2Fwp%2Fv2%2Ftags&post=142"}],"curies":[{"name":"wp","href":"https:\/\/api.w.org\/{rel}","templated":true}]}}