{"id":1390,"date":"2020-03-17T21:27:50","date_gmt":"2020-03-17T19:27:50","guid":{"rendered":"https:\/\/www.korutaekwondo.de\/?p=1390"},"modified":"2020-05-17T21:30:54","modified_gmt":"2020-05-17T19:30:54","slug":"dan-pruefug-2020","status":"publish","type":"post","link":"https:\/\/www.korutaekwondo.de\/?p=1390","title":{"rendered":"Dan Pr\u00fcfug 2020"},"content":{"rendered":"<p><img id=\"editorpic_15826972464115\" class=\"ok alignnone\" style=\"color: #333333; display: block; font-family: &amp;quot; libre franklin&amp;quot;,&amp;quot;helvetica neue&amp;quot;,helvetica,arial,sans-serif; font-size: 16px; font-style: normal; font-variant: normal; font-weight: 400; height: auto; letter-spacing: normal; margin-left: auto; margin-right: auto; max-width: 100%; orphans: 2; outline-color: #72777c; outline-style: solid; outline-width: 1px; text-align: left; text-decoration: none; text-indent: 0px; text-transform: none; -webkit-text-stroke-width: 0px; white-space: normal; width: inherit; word-spacing: 0px;\" title=\"\" src=\"https:\/\/cmsweb.wittich.de\/ckfinder\/core\/connector\/php\/connector.php?command=Thumbnail&amp;type=Bilder&amp;currentFolder=\/&amp;FileName=img_0399_mod.jpg\" alt=\"\" data-show-photographer-single=\"true\" data-print=\"true\" data-photographer=\"Susanne Jacob\" data-ispdf=\"false\" data-confirm3=\"true\" data-confirm2=\"true\" data-confirm1=\"true\" data-cke-saved-src=\"https:\/\/cmsweb.wittich.de\/ckfinder\/core\/connector\/php\/connector.php?command=Thumbnail&amp;type=Bilder&amp;currentFolder=\/&amp;FileName=img_0399_mod.jpg\" \/><\/p>\n<p><span style=\"display: inline !important; float: none; background-color: #ffffff; color: #333333; cursor: text; font-family: 'Libre Franklin','Helvetica Neue',helvetica,arial,sans-serif; font-size: 16px; font-style: normal; font-variant: normal; font-weight: 400; letter-spacing: normal; orphans: 2; text-align: left; text-decoration: none; text-indent: 0px; text-transform: none; -webkit-text-stroke-width: 0px; white-space: normal; word-spacing: 0px;\">DAN-Pr\u00fcfung &#8211; drei neue Schwarzgurttr\u00e4ger an Bord!<\/span><\/p>\n<p>Bei ihrer G\u00fcrtelpr\u00fcfung haben Jana-Marie Leidinger, Martin Meiser und Oliver Loew ihren ersten Meistergrad, den 1. DAN erhalten. Nach einer souver\u00e4nen Pr\u00fcfung hat Pr\u00fcfer Dr. Markus Klein den Dreien ihre Urkunden und schwarzen G\u00fcrtel \u00fcberreicht.<\/p>\n<p>Unter den Augen vieler begeisterter Zuschauer wurden in der Elmer Sporthalle die Taekwondo-Disziplinen Ein-Schritt-Kampf, Kicking, Selbstverteidigung, Formenlauf, Wettkampf und Bruchtest zum Besten gegeben und abgepr\u00fcft.<\/p>\n<p>Wir danken auch besonders unserem Trainer Bernd Bauer, der die Drei f\u00fcr die Pr\u00fcfung vorbereitet hat.<\/p>\n<p>Wir, Euer Verein, sind m\u00e4chtig stolz auf Euch und w\u00fcnschen weiterhin viel Freude am Taekwondo!<\/p>\n<p>&nbsp;<\/p>\n","protected":false},"excerpt":{"rendered":"<p>DAN-Pr\u00fcfung &#8211; drei neue Schwarzgurttr\u00e4ger an Bord! Bei ihrer G\u00fcrtelpr\u00fcfung haben Jana-Marie Leidinger, Martin Meiser und Oliver Loew ihren ersten Meistergrad, den 1. DAN erhalten. Nach einer souver\u00e4nen Pr\u00fcfung hat Pr\u00fcfer Dr. Markus Klein den Dreien ihre Urkunden und schwarzen G\u00fcrtel \u00fcberreicht. Unter den Augen vieler begeisterter Zuschauer wurden in der Elmer Sporthalle die Taekwondo-Disziplinen &hellip; <\/p>\n<p class=\"link-more\"><a href=\"https:\/\/www.korutaekwondo.de\/?p=1390\" class=\"more-link\"><span class=\"screen-reader-text\">\u201eDan Pr\u00fcfug 2020\u201c<\/span> weiterlesen<\/a><\/p>\n","protected":false},"author":2,"featured_media":0,"comment_status":"open","ping_status":"open","sticky":false,"template":"","format":"standard","meta":[],"categories":[6],"tags":[],"_links":{"self":[{"href":"https:\/\/www.korutaekwondo.de\/index.php?rest_route=\/wp\/v2\/posts\/1390"}],"collection":[{"href":"https:\/\/www.korutaekwondo.de\/index.php?rest_route=\/wp\/v2\/posts"}],"about":[{"href":"https:\/\/www.korutaekwondo.de\/index.php?rest_route=\/wp\/v2\/types\/post"}],"author":[{"embeddable":true,"href":"https:\/\/www.korutaekwondo.de\/index.php?rest_route=\/wp\/v2\/users\/2"}],"replies":[{"embeddable":true,"href":"https:\/\/www.korutaekwondo.de\/index.php?rest_route=%2Fwp%2Fv2%2Fcomments&post=1390"}],"version-history":[{"count":1,"href":"https:\/\/www.korutaekwondo.de\/index.php?rest_route=\/wp\/v2\/posts\/1390\/revisions"}],"predecessor-version":[{"id":1391,"href":"https:\/\/www.korutaekwondo.de\/index.php?rest_route=\/wp\/v2\/posts\/1390\/revisions\/1391"}],"wp:attachment":[{"href":"https:\/\/www.korutaekwondo.de\/index.php?rest_route=%2Fwp%2Fv2%2Fmedia&parent=1390"}],"wp:term":[{"taxonomy":"category","embeddable":true,"href":"https:\/\/www.korutaekwondo.de\/index.php?rest_route=%2Fwp%2Fv2%2Fcategories&post=1390"},{"taxonomy":"post_tag","embeddable":true,"href":"https:\/\/www.korutaekwondo.de\/index.php?rest_route=%2Fwp%2Fv2%2Ftags&post=1390"}],"curies":[{"name":"wp","href":"https:\/\/api.w.org\/{rel}","templated":true}]}}