{"id":1375,"date":"2020-01-28T15:55:26","date_gmt":"2020-01-28T13:55:26","guid":{"rendered":"https:\/\/www.korutaekwondo.de\/?p=1375"},"modified":"2020-01-28T15:55:26","modified_gmt":"2020-01-28T13:55:26","slug":"deutsche-meisterschaft-2020","status":"publish","type":"post","link":"https:\/\/www.korutaekwondo.de\/?p=1375","title":{"rendered":"Deutsche Meisterschaft 2020"},"content":{"rendered":"<p>Am vergangenen Wochenende fanden die Deutschen Meisterschaften(DM) der Senioren und der A-Jugend im Nordrhein-Westf\u00e4lischen L\u00fcnen bei Dortmund statt. Unser Team Kimera war mit zwei K\u00e4mpferinnen am Start, Jana-Marie Leidinger, die ihre erste DM k\u00e4mpfte und Lenya Sauer, welche nach ihrer Berufung in den Nachwuchskader 2 der Deutschen Taekwondo Union als Bundeskader Athletin einen deutlichen gr\u00f6\u00dferen Druck versp\u00fcrte.<\/p>\n<p>Jana gewann ihren ersten Kampf souver\u00e4n, aber musste sich im anschlie\u00dfenden Viertelfinale leider ihrer Gegnerin geschlagen geben. Obwohl die erste Runde des Viertelfinals vielsprechend f\u00fcr Jana verlief, geriet sie in Runde 2 und 3 immer mehr ins Hintertreffen. Am Ende steht ein 5. Platz bei der ersten Teilnahme an den Deutschen Meisterschaften zu buche, wir gratulieren herzlich!<\/p>\n<p>Lenyas Turnier begann erst im Halbfinale so richtig, mit einer sehr starken Gegnerin. Die bayrische Kader-Athletin, mehrfache internationale Medaillengewinnerin und Kadetten-Europameisterin 2017, ist eine gute Bekannte. So verlor Lenya unter anderem das Finale der Deutschen Meisterschaft 2017 gegen sie. Das Duell der direkten Konkurrentinnen um einen Platz im Bundeskader verlief wie erwartet auf Augenh\u00f6he. Lenya zeigte eine sehr starke Leistung, verspielte jedoch kurz vor Schluss noch eine recht komfortable F\u00fchrung.<br \/>\nNur ein Sch\u00f6nheitsfehler, denn in der Entscheidungsrunde konnte sich die 15-j\u00e4hrige Schwalbacherin die ersten Punkte und somit den Einzug ins Finale sichern.<br \/>\nSpannend verlief auch das Finale der Jugend A weiblich -42kg. Lenya lief von Beginn an einem R\u00fcckstand hinterher, konnte in der letzten Runde aber wieder auf 2 Punkte aufschlie\u00dfen. Leider reichte es am Ende trotz einer starken Aufholjagd nicht ganz und so mussten sich Lenya und Markus am Ende mit einem leicht ungl\u00fccklichen 2. Platz zufrieden geben.<\/p>\n<p>Nichtsdestotrotz beginnt das Jahr 2020 \u00fcberaus gut f\u00fcr den Koru Taekwondo, mit vielen Siegen, einem 5. Platz und einer Vize-Deutschen-Meisterin.<\/p>\n<p>&nbsp;<\/p>\n","protected":false},"excerpt":{"rendered":"<p>Am vergangenen Wochenende fanden die Deutschen Meisterschaften(DM) der Senioren und der A-Jugend im Nordrhein-Westf\u00e4lischen L\u00fcnen bei Dortmund statt. Unser Team Kimera war mit zwei K\u00e4mpferinnen am Start, Jana-Marie Leidinger, die ihre erste DM k\u00e4mpfte und Lenya Sauer, welche nach ihrer Berufung in den Nachwuchskader 2 der Deutschen Taekwondo Union als Bundeskader Athletin einen deutlichen gr\u00f6\u00dferen &hellip; <\/p>\n<p class=\"link-more\"><a href=\"https:\/\/www.korutaekwondo.de\/?p=1375\" class=\"more-link\"><span class=\"screen-reader-text\">\u201eDeutsche Meisterschaft 2020\u201c<\/span> weiterlesen<\/a><\/p>\n","protected":false},"author":2,"featured_media":0,"comment_status":"open","ping_status":"open","sticky":false,"template":"","format":"standard","meta":[],"categories":[1],"tags":[],"_links":{"self":[{"href":"https:\/\/www.korutaekwondo.de\/index.php?rest_route=\/wp\/v2\/posts\/1375"}],"collection":[{"href":"https:\/\/www.korutaekwondo.de\/index.php?rest_route=\/wp\/v2\/posts"}],"about":[{"href":"https:\/\/www.korutaekwondo.de\/index.php?rest_route=\/wp\/v2\/types\/post"}],"author":[{"embeddable":true,"href":"https:\/\/www.korutaekwondo.de\/index.php?rest_route=\/wp\/v2\/users\/2"}],"replies":[{"embeddable":true,"href":"https:\/\/www.korutaekwondo.de\/index.php?rest_route=%2Fwp%2Fv2%2Fcomments&post=1375"}],"version-history":[{"count":1,"href":"https:\/\/www.korutaekwondo.de\/index.php?rest_route=\/wp\/v2\/posts\/1375\/revisions"}],"predecessor-version":[{"id":1376,"href":"https:\/\/www.korutaekwondo.de\/index.php?rest_route=\/wp\/v2\/posts\/1375\/revisions\/1376"}],"wp:attachment":[{"href":"https:\/\/www.korutaekwondo.de\/index.php?rest_route=%2Fwp%2Fv2%2Fmedia&parent=1375"}],"wp:term":[{"taxonomy":"category","embeddable":true,"href":"https:\/\/www.korutaekwondo.de\/index.php?rest_route=%2Fwp%2Fv2%2Fcategories&post=1375"},{"taxonomy":"post_tag","embeddable":true,"href":"https:\/\/www.korutaekwondo.de\/index.php?rest_route=%2Fwp%2Fv2%2Ftags&post=1375"}],"curies":[{"name":"wp","href":"https:\/\/api.w.org\/{rel}","templated":true}]}}