{"id":1371,"date":"2020-01-28T15:31:57","date_gmt":"2020-01-28T13:31:57","guid":{"rendered":"https:\/\/www.korutaekwondo.de\/?p=1371"},"modified":"2020-01-28T15:33:08","modified_gmt":"2020-01-28T13:33:08","slug":"final-8-serie-baden-wuerttemberg","status":"publish","type":"post","link":"https:\/\/www.korutaekwondo.de\/?p=1371","title":{"rendered":"Final 8 Serie Baden-W\u00fcrttemberg"},"content":{"rendered":"<p>Das turbulent startende Jahr 2020 legt auch am dritten Wochenende des Januar keine Verschnaufpause ein.<br \/>\nIn Reutlingen fand das 2. Turnier der Final 8 Serie im Jahr 2020 statt und unsere &#8222;Kimera-K\u00e4mpfer&#8220; waren wieder mit dabei.<\/p>\n<p>Die kampftechnisch weitestgehend noch unerfahrene Truppe wurde von den beiden verantwortlichen Markus Krein und Christian Gimme betreut und gecoacht. W\u00e4hrend sich Edda Kettel(15 Jahre), Nikolas Klemens(10 Jahre)\u00a0und Merle Becker(10 Jahre)\u00a0\u00fcber 3. Pl\u00e4tze freuen d\u00fcrfen, erk\u00e4mpfte sich Lara Loreng(9 Jahre)\u00a0den 2. Platz. Marcello Vinciguerra(10 Jahre) zeigte wiederholt sehr starke Leistungen, so\u00a0konnte das Finale souver\u00e4n f\u00fcr sich entscheiden und somit\u00a0seinen n\u00e4chsten\u00a0Turniersieg feiern.<br \/>\nMarcello, der sich\u00a0nunmehr seit Anfang 2019 bei fast jedem Turnier mindestens bis ins Halbfinale durchk\u00e4mpft, wurde \u00fcberdies zum Sichtungslehrgang der Deutschen Taekwondo Union eingeladen, in welchem er die Chance hat sich f\u00fcr den geplanten C Jugend Bundeskader zu empfehlen.<br \/>\nWir hoffen auf das Beste und w\u00fcnschen unserem jungen Talent viel Erfolg!<\/p>\n","protected":false},"excerpt":{"rendered":"<p>Das turbulent startende Jahr 2020 legt auch am dritten Wochenende des Januar keine Verschnaufpause ein. In Reutlingen fand das 2. Turnier der Final 8 Serie im Jahr 2020 statt und unsere &#8222;Kimera-K\u00e4mpfer&#8220; waren wieder mit dabei. Die kampftechnisch weitestgehend noch unerfahrene Truppe wurde von den beiden verantwortlichen Markus Krein und Christian Gimme betreut und gecoacht. &hellip; <\/p>\n<p class=\"link-more\"><a href=\"https:\/\/www.korutaekwondo.de\/?p=1371\" class=\"more-link\"><span class=\"screen-reader-text\">\u201eFinal 8 Serie Baden-W\u00fcrttemberg\u201c<\/span> weiterlesen<\/a><\/p>\n","protected":false},"author":2,"featured_media":0,"comment_status":"open","ping_status":"open","sticky":false,"template":"","format":"standard","meta":[],"categories":[1],"tags":[],"_links":{"self":[{"href":"https:\/\/www.korutaekwondo.de\/index.php?rest_route=\/wp\/v2\/posts\/1371"}],"collection":[{"href":"https:\/\/www.korutaekwondo.de\/index.php?rest_route=\/wp\/v2\/posts"}],"about":[{"href":"https:\/\/www.korutaekwondo.de\/index.php?rest_route=\/wp\/v2\/types\/post"}],"author":[{"embeddable":true,"href":"https:\/\/www.korutaekwondo.de\/index.php?rest_route=\/wp\/v2\/users\/2"}],"replies":[{"embeddable":true,"href":"https:\/\/www.korutaekwondo.de\/index.php?rest_route=%2Fwp%2Fv2%2Fcomments&post=1371"}],"version-history":[{"count":3,"href":"https:\/\/www.korutaekwondo.de\/index.php?rest_route=\/wp\/v2\/posts\/1371\/revisions"}],"predecessor-version":[{"id":1374,"href":"https:\/\/www.korutaekwondo.de\/index.php?rest_route=\/wp\/v2\/posts\/1371\/revisions\/1374"}],"wp:attachment":[{"href":"https:\/\/www.korutaekwondo.de\/index.php?rest_route=%2Fwp%2Fv2%2Fmedia&parent=1371"}],"wp:term":[{"taxonomy":"category","embeddable":true,"href":"https:\/\/www.korutaekwondo.de\/index.php?rest_route=%2Fwp%2Fv2%2Fcategories&post=1371"},{"taxonomy":"post_tag","embeddable":true,"href":"https:\/\/www.korutaekwondo.de\/index.php?rest_route=%2Fwp%2Fv2%2Ftags&post=1371"}],"curies":[{"name":"wp","href":"https:\/\/api.w.org\/{rel}","templated":true}]}}