{"id":136,"date":"2014-07-05T11:51:09","date_gmt":"2014-07-05T11:51:09","guid":{"rendered":"http:\/\/www.taekwondo-elm.de\/?p=136"},"modified":"2017-03-02T09:11:24","modified_gmt":"2017-03-02T07:11:24","slug":"breitensportlehrgang-blieskastel-2014","status":"publish","type":"post","link":"https:\/\/www.korutaekwondo.de\/?p=136","title":{"rendered":"Breitensportlehrgang Blieskastel 2014"},"content":{"rendered":"<p>Selber Tag, selbe Uhrzeit<\/p>\n<p>Elm\/Blieskastel \u2013 \u201eSelber Tag, selbe Uhrzeit\u201c, so lautete das Motto am letzten Samstag, als der Taekwondo Verein Elm am zweiten Wochenende nacheinander zu einem Lehrgang aufbrach. Nach der Reise ins tiefste Luxemburg stand nun eine Fahrt nach Blieskastel zum Breitensportlehrgang der TU Saar an. Mit zwei Erwachsenen, Ramona Spieker (24) und Markus Krein (22) und zwei Kindern, Noah Betz (11) und der j\u00fcngsten im Bunde, Lenya Sauer (9) waren die Elmer in allen Leistungsgruppen vertreten.<\/p>\n<p>Nach dem Aufw\u00e4rmen begann David Hollenbach (3. Dan Taekwondo, 1. Dan Hapkido) den Lehrgang mit dem Teilbereich Selbsverteidigung. Danach \u00fcbernahm der ehemalig selbst erfolgreiche Wettk\u00e4mpfer, Macher hinter den regionalen und nationalen Erfolgen der Elmer und Chef-Wettkampftrainer des TKD Elm und der TU Saar Bernard Koniczek (3. Dan Taekwondo) das Training seines Spezialgebietes mit der Unterst\u00fctzung seiner beiden Sch\u00fctzlinge Ramona Spieker (1. Dan Taekwondo) und Markus Krein (1. Dan Taekwondo). Zuerst f\u00fcr Erwachsene und Fortgeschrittene, danach f\u00fcr Kinder und Anf\u00e4nger. Hier zahlte sich das gute Training unserer Trainer Martin Senzig und Erhard Braun aus, denn die junge Lenya Sauer stach besonders durch ihre gute Technik und Disziplin aus der Masse heraus. Nach der Mittagspause und dem Techniktraining durch Dr. Markus Klein traten die Elmer die Heimreise an und lie\u00dfen den gelungen Tag bei einem k\u00fchlen Getr\u00e4nk ausklingen.<\/p>\n<p>Alle waren sich einig, so kann es weitergehen in Elm und vielleicht stehen die kommenden Wochenenden ja auch unter dem Motto: \u201eSelber Tag, selbe Uhrzeit\u201c<\/p>\n<div id='gallery-1' class='gallery galleryid-136 gallery-columns-3 gallery-size-thumbnail'><figure class='gallery-item'>\n\t\t\t<div class='gallery-icon landscape'>\n\t\t\t\t<a href='https:\/\/www.korutaekwondo.de\/wp-content\/uploads\/2015\/01\/IMG-20140705-WA0010.jpg'><img width=\"150\" height=\"150\" src=\"https:\/\/www.korutaekwondo.de\/wp-content\/uploads\/2015\/01\/IMG-20140705-WA0010-150x150.jpg\" class=\"attachment-thumbnail size-thumbnail\" alt=\"\" loading=\"lazy\" srcset=\"https:\/\/www.korutaekwondo.de\/wp-content\/uploads\/2015\/01\/IMG-20140705-WA0010-150x150.jpg 150w, https:\/\/www.korutaekwondo.de\/wp-content\/uploads\/2015\/01\/IMG-20140705-WA0010-53x53.jpg 53w\" sizes=\"100vw\" \/><\/a>\n\t\t\t<\/div><\/figure><figure class='gallery-item'>\n\t\t\t<div class='gallery-icon landscape'>\n\t\t\t\t<a href='https:\/\/www.korutaekwondo.de\/wp-content\/uploads\/2015\/01\/IMG-20140705-WA0007.jpg'><img width=\"150\" height=\"150\" src=\"https:\/\/www.korutaekwondo.de\/wp-content\/uploads\/2015\/01\/IMG-20140705-WA0007-150x150.jpg\" class=\"attachment-thumbnail size-thumbnail\" alt=\"\" loading=\"lazy\" srcset=\"https:\/\/www.korutaekwondo.de\/wp-content\/uploads\/2015\/01\/IMG-20140705-WA0007-150x150.jpg 150w, https:\/\/www.korutaekwondo.de\/wp-content\/uploads\/2015\/01\/IMG-20140705-WA0007-53x53.jpg 53w\" sizes=\"100vw\" \/><\/a>\n\t\t\t<\/div><\/figure>\n\t\t<\/div>\n\n","protected":false},"excerpt":{"rendered":"<p>Selber Tag, selbe Uhrzeit Elm\/Blieskastel \u2013 \u201eSelber Tag, selbe Uhrzeit\u201c, so lautete das Motto am letzten Samstag, als der Taekwondo Verein Elm am zweiten Wochenende nacheinander zu einem Lehrgang aufbrach. Nach der Reise ins tiefste Luxemburg stand nun eine Fahrt nach Blieskastel zum Breitensportlehrgang der TU Saar an. Mit zwei Erwachsenen, Ramona Spieker (24) und &hellip; <\/p>\n<p class=\"link-more\"><a href=\"https:\/\/www.korutaekwondo.de\/?p=136\" class=\"more-link\"><span class=\"screen-reader-text\">\u201eBreitensportlehrgang Blieskastel 2014\u201c<\/span> weiterlesen<\/a><\/p>\n","protected":false},"author":2,"featured_media":249,"comment_status":"closed","ping_status":"open","sticky":false,"template":"","format":"standard","meta":[],"categories":[10,1],"tags":[],"_links":{"self":[{"href":"https:\/\/www.korutaekwondo.de\/index.php?rest_route=\/wp\/v2\/posts\/136"}],"collection":[{"href":"https:\/\/www.korutaekwondo.de\/index.php?rest_route=\/wp\/v2\/posts"}],"about":[{"href":"https:\/\/www.korutaekwondo.de\/index.php?rest_route=\/wp\/v2\/types\/post"}],"author":[{"embeddable":true,"href":"https:\/\/www.korutaekwondo.de\/index.php?rest_route=\/wp\/v2\/users\/2"}],"replies":[{"embeddable":true,"href":"https:\/\/www.korutaekwondo.de\/index.php?rest_route=%2Fwp%2Fv2%2Fcomments&post=136"}],"version-history":[{"count":1,"href":"https:\/\/www.korutaekwondo.de\/index.php?rest_route=\/wp\/v2\/posts\/136\/revisions"}],"predecessor-version":[{"id":140,"href":"https:\/\/www.korutaekwondo.de\/index.php?rest_route=\/wp\/v2\/posts\/136\/revisions\/140"}],"wp:featuredmedia":[{"embeddable":true,"href":"https:\/\/www.korutaekwondo.de\/index.php?rest_route=\/wp\/v2\/media\/249"}],"wp:attachment":[{"href":"https:\/\/www.korutaekwondo.de\/index.php?rest_route=%2Fwp%2Fv2%2Fmedia&parent=136"}],"wp:term":[{"taxonomy":"category","embeddable":true,"href":"https:\/\/www.korutaekwondo.de\/index.php?rest_route=%2Fwp%2Fv2%2Fcategories&post=136"},{"taxonomy":"post_tag","embeddable":true,"href":"https:\/\/www.korutaekwondo.de\/index.php?rest_route=%2Fwp%2Fv2%2Ftags&post=136"}],"curies":[{"name":"wp","href":"https:\/\/api.w.org\/{rel}","templated":true}]}}