{"id":128,"date":"2014-05-26T11:27:47","date_gmt":"2014-05-26T11:27:47","guid":{"rendered":"http:\/\/www.taekwondo-elm.de\/?p=128"},"modified":"2017-06-27T08:18:53","modified_gmt":"2017-06-27T06:18:53","slug":"saarlandmeisterschaft-kampf-2014","status":"publish","type":"post","link":"https:\/\/www.korutaekwondo.de\/?p=128","title":{"rendered":"Saarlandmeisterschaft Kampf 2014"},"content":{"rendered":"<p>Am 24.05.2014 standen die Saarlandmeisterschaften &#8211; Wettkampf in Lebach an, bei denen wir mit zwei K\u00e4mpfern am Start waren. Noah Betz k\u00e4mpfte zum ersten mal bei den B-Junioren LK2, wo er auch gleich den ersten Platz erreichte, ebenso wie sein etwas \u00e4lterer Vereinskamerad Oliver Loew, der bei seiner zweiten Teilnahme keine Zweifel \u00fcber den diesj\u00e4hrigen Saarlandmeister bei den Senioren LK2 seiner Gewichtsklasse aufkommen lies. Er gewann souver\u00e4n nach zwei Runden mit 14:2, aufgrund der regelbedingten Aufgabe durch \u00dcberlegenheit bei 12 Punkten Vorsprung. Noah hatte mehr M\u00fche mit seinem Gegner, konnte sich letzten Endes jedoch knapp, aber verdient, mit 3:2 durchsetzen. Unsere erfahreneren K\u00e4mpfer, Ramona Spieker und Markus Krein waren ebenfalls bei der Saarlandmeisterschaft aktiv, jedoch als Kampfrichter, zusammen mit unserem franz\u00f6sischen Freund Rene K\u00f6nig. Wir sind mit einer 100%igen Ausbeute aus Lebach zur\u00fcckgekehrt, worauf wir sehr stolz sind, allerdings hoffen wir, dass wir n\u00e4chstes Jahr wieder mehr Wettk\u00e4mpfer melden k\u00f6nnen, auf dass der Taekwondo Elm wieder Schlagzeilen macht!<\/p>\n<div id='gallery-1' class='gallery galleryid-128 gallery-columns-3 gallery-size-thumbnail'><figure class='gallery-item'>\n\t\t\t<div class='gallery-icon portrait'>\n\t\t\t\t<a href='https:\/\/www.korutaekwondo.de\/wp-content\/uploads\/2015\/01\/Saarlandmeisterschaft-2014.jpg'><img width=\"150\" height=\"150\" src=\"https:\/\/www.korutaekwondo.de\/wp-content\/uploads\/2015\/01\/Saarlandmeisterschaft-2014-150x150.jpg\" class=\"attachment-thumbnail size-thumbnail\" alt=\"\" loading=\"lazy\" srcset=\"https:\/\/www.korutaekwondo.de\/wp-content\/uploads\/2015\/01\/Saarlandmeisterschaft-2014-150x150.jpg 150w, https:\/\/www.korutaekwondo.de\/wp-content\/uploads\/2015\/01\/Saarlandmeisterschaft-2014-53x53.jpg 53w\" sizes=\"100vw\" \/><\/a>\n\t\t\t<\/div><\/figure>\n\t\t<\/div>\n\n","protected":false},"excerpt":{"rendered":"<p>Am 24.05.2014 standen die Saarlandmeisterschaften &#8211; Wettkampf in Lebach an, bei denen wir mit zwei K\u00e4mpfern am Start waren. Noah Betz k\u00e4mpfte zum ersten mal bei den B-Junioren LK2, wo er auch gleich den ersten Platz erreichte, ebenso wie sein etwas \u00e4lterer Vereinskamerad Oliver Loew, der bei seiner zweiten Teilnahme keine Zweifel \u00fcber den diesj\u00e4hrigen &hellip; <\/p>\n<p class=\"link-more\"><a href=\"https:\/\/www.korutaekwondo.de\/?p=128\" class=\"more-link\"><span class=\"screen-reader-text\">\u201eSaarlandmeisterschaft Kampf 2014\u201c<\/span> weiterlesen<\/a><\/p>\n","protected":false},"author":2,"featured_media":352,"comment_status":"closed","ping_status":"open","sticky":false,"template":"","format":"standard","meta":[],"categories":[10,1,3],"tags":[],"_links":{"self":[{"href":"https:\/\/www.korutaekwondo.de\/index.php?rest_route=\/wp\/v2\/posts\/128"}],"collection":[{"href":"https:\/\/www.korutaekwondo.de\/index.php?rest_route=\/wp\/v2\/posts"}],"about":[{"href":"https:\/\/www.korutaekwondo.de\/index.php?rest_route=\/wp\/v2\/types\/post"}],"author":[{"embeddable":true,"href":"https:\/\/www.korutaekwondo.de\/index.php?rest_route=\/wp\/v2\/users\/2"}],"replies":[{"embeddable":true,"href":"https:\/\/www.korutaekwondo.de\/index.php?rest_route=%2Fwp%2Fv2%2Fcomments&post=128"}],"version-history":[{"count":4,"href":"https:\/\/www.korutaekwondo.de\/index.php?rest_route=\/wp\/v2\/posts\/128\/revisions"}],"predecessor-version":[{"id":133,"href":"https:\/\/www.korutaekwondo.de\/index.php?rest_route=\/wp\/v2\/posts\/128\/revisions\/133"}],"wp:featuredmedia":[{"embeddable":true,"href":"https:\/\/www.korutaekwondo.de\/index.php?rest_route=\/wp\/v2\/media\/352"}],"wp:attachment":[{"href":"https:\/\/www.korutaekwondo.de\/index.php?rest_route=%2Fwp%2Fv2%2Fmedia&parent=128"}],"wp:term":[{"taxonomy":"category","embeddable":true,"href":"https:\/\/www.korutaekwondo.de\/index.php?rest_route=%2Fwp%2Fv2%2Fcategories&post=128"},{"taxonomy":"post_tag","embeddable":true,"href":"https:\/\/www.korutaekwondo.de\/index.php?rest_route=%2Fwp%2Fv2%2Ftags&post=128"}],"curies":[{"name":"wp","href":"https:\/\/api.w.org\/{rel}","templated":true}]}}